{"id":541,"date":"2024-07-14T15:44:50","date_gmt":"2024-07-14T13:44:50","guid":{"rendered":"https:\/\/pokesha.fr\/?p=541"},"modified":"2024-10-18T23:40:16","modified_gmt":"2024-10-18T21:40:16","slug":"la-japan-expo-qui-annonce-la-fin-de-la-saison-de-nolife","status":"publish","type":"post","link":"https:\/\/pokesha.fr\/index.php\/2024\/07\/14\/la-japan-expo-qui-annonce-la-fin-de-la-saison-de-nolife\/","title":{"rendered":"La Japan Expo qui annon\u00e7ait la fin de la saison sur Nolife"},"content":{"rendered":"\n<p><\/p>\n\n\n\n<p>Qui dit juillet dit Japan Expo et sur Nolife, cette convention \u00e9tait particuli\u00e8rement bien suivie avec des reportages, aka les chroniques de Villepinte, permettant de voir sa riche programmation.<\/p>\n\n\n\n<p>Pour l&rsquo;\u00e9quipe la Japan signifiait surtout une fin d&rsquo;ann\u00e9e charg\u00e9e puisque le tunnel commen\u00e7ait en mai avec la pr\u00e9paration de l&rsquo;anniversaire de la chaine et de la Japan.<\/p>\n\n\n\n<p>Aussi, la Time machine vous emm\u00e8ne \u00e0 la Japan Expo 2010 pour retrouver l&rsquo;ambiance et ce qu&rsquo;il se faisait cette ann\u00e9e l\u00e0.<\/p>\n\n\n\n<p>Retour sur la Japan Expo de la journ\u00e9e du samedi :<\/p>\n\n\n\n<p><\/p>\n\n\n\n<figure class=\"wp-block-embed is-type-video is-provider-youtube wp-block-embed-youtube wp-embed-aspect-16-9 wp-has-aspect-ratio\"><div class=\"wp-block-embed__wrapper\">\n<iframe loading=\"lazy\" title=\"Retour \u00e0 Japan Expo 2010 (Samedi) - Nolife Reportages\" width=\"500\" height=\"281\" src=\"https:\/\/www.youtube.com\/embed\/r8UmWJPv420?feature=oembed\" frameborder=\"0\" allow=\"accelerometer; autoplay; clipboard-write; encrypted-media; gyroscope; picture-in-picture; web-share\" referrerpolicy=\"strict-origin-when-cross-origin\" allowfullscreen><\/iframe>\n<\/div><\/figure>\n\n\n\n<p>Un Tokyo Caf\u00e9 sp\u00e9cial Japan Expo 2010:<\/p>\n\n\n\n<p><\/p>\n\n\n\n<figure class=\"wp-block-embed is-type-video is-provider-youtube wp-block-embed-youtube wp-embed-aspect-16-9 wp-has-aspect-ratio\"><div class=\"wp-block-embed__wrapper\">\n<iframe loading=\"lazy\" title=\"#124 Japan Expo 2010 T\u00f4ky\u00f4 Caf\u00e9 noco Nolife\" width=\"500\" height=\"281\" src=\"https:\/\/www.youtube.com\/embed\/OtstTgTGLC4?feature=oembed\" frameborder=\"0\" allow=\"accelerometer; autoplay; clipboard-write; encrypted-media; gyroscope; picture-in-picture; web-share\" referrerpolicy=\"strict-origin-when-cross-origin\" allowfullscreen><\/iframe>\n<\/div><\/figure>\n\n\n\n<p>Et enfin, le reportage de la journ\u00e9e de dimanche, cl\u00f4turant ainsi la Japan Expo de l&rsquo;ann\u00e9e 2010 :<\/p>\n\n\n\n<p><\/p>\n\n\n\n<figure class=\"wp-block-embed is-type-video is-provider-youtube wp-block-embed-youtube wp-embed-aspect-16-9 wp-has-aspect-ratio\"><div class=\"wp-block-embed__wrapper\">\n<iframe loading=\"lazy\" title=\"Retour \u00e0 Japan Expo 2010 (Dimanche) - Nolife Reportages\" width=\"500\" height=\"281\" src=\"https:\/\/www.youtube.com\/embed\/orIvrKZP-ZA?feature=oembed\" frameborder=\"0\" allow=\"accelerometer; autoplay; clipboard-write; encrypted-media; gyroscope; picture-in-picture; web-share\" referrerpolicy=\"strict-origin-when-cross-origin\" allowfullscreen><\/iframe>\n<\/div><\/figure>\n\n\n\n<p><\/p>\n\n\n\n<p>En bonus :  pour les plus nostalgiques, un reportage sur le stand Nolife :<\/p>\n\n\n\n<figure class=\"wp-block-embed is-type-video is-provider-youtube wp-block-embed-youtube wp-embed-aspect-4-3 wp-has-aspect-ratio\"><div class=\"wp-block-embed__wrapper\">\n<iframe loading=\"lazy\" title=\"Japan Expo 2010 Reportage Stand de NOLIFE (10\/25)\" width=\"500\" height=\"375\" src=\"https:\/\/www.youtube.com\/embed\/U6kcCrd3YmU?feature=oembed\" frameborder=\"0\" allow=\"accelerometer; autoplay; clipboard-write; encrypted-media; gyroscope; picture-in-picture; web-share\" referrerpolicy=\"strict-origin-when-cross-origin\" allowfullscreen><\/iframe>\n<\/div><\/figure>\n","protected":false},"excerpt":{"rendered":"<p>Qui dit juillet dit Japan Expo et sur Nolife, cette convention \u00e9tait particuli\u00e8rement bien suivie avec des reportages, aka les chroniques de Villepinte, permettant de voir sa riche programmation&#8230;.<\/p>\n","protected":false},"author":2,"featured_media":542,"comment_status":"open","ping_status":"open","sticky":false,"template":"","format":"standard","meta":{"footnotes":""},"categories":[28],"tags":[],"class_list":["post-541","post","type-post","status-publish","format-standard","has-post-thumbnail","hentry","category-28"],"_links":{"self":[{"href":"https:\/\/pokesha.fr\/index.php\/wp-json\/wp\/v2\/posts\/541","targetHints":{"allow":["GET"]}}],"collection":[{"href":"https:\/\/pokesha.fr\/index.php\/wp-json\/wp\/v2\/posts"}],"about":[{"href":"https:\/\/pokesha.fr\/index.php\/wp-json\/wp\/v2\/types\/post"}],"author":[{"embeddable":true,"href":"https:\/\/pokesha.fr\/index.php\/wp-json\/wp\/v2\/users\/2"}],"replies":[{"embeddable":true,"href":"https:\/\/pokesha.fr\/index.php\/wp-json\/wp\/v2\/comments?post=541"}],"version-history":[{"count":4,"href":"https:\/\/pokesha.fr\/index.php\/wp-json\/wp\/v2\/posts\/541\/revisions"}],"predecessor-version":[{"id":546,"href":"https:\/\/pokesha.fr\/index.php\/wp-json\/wp\/v2\/posts\/541\/revisions\/546"}],"wp:featuredmedia":[{"embeddable":true,"href":"https:\/\/pokesha.fr\/index.php\/wp-json\/wp\/v2\/media\/542"}],"wp:attachment":[{"href":"https:\/\/pokesha.fr\/index.php\/wp-json\/wp\/v2\/media?parent=541"}],"wp:term":[{"taxonomy":"category","embeddable":true,"href":"https:\/\/pokesha.fr\/index.php\/wp-json\/wp\/v2\/categories?post=541"},{"taxonomy":"post_tag","embeddable":true,"href":"https:\/\/pokesha.fr\/index.php\/wp-json\/wp\/v2\/tags?post=541"}],"curies":[{"name":"wp","href":"https:\/\/api.w.org\/{rel}","templated":true}]}}